{"id":4064,"date":"2025-03-06T19:30:00","date_gmt":"2025-03-06T18:30:00","guid":{"rendered":"http:\/\/curios.iut-tlse3.fr\/?p=4064"},"modified":"2025-03-06T18:57:50","modified_gmt":"2025-03-06T17:57:50","slug":"les-autorites-marocaines-poussent-frappent-et-tuent-les-migrants-a-la-frontiere-maroc-espagne","status":"publish","type":"post","link":"http:\/\/curios.iut-tlse3.fr\/?p=4064","title":{"rendered":"Les migrants victimes de violences \u00e0 la fronti\u00e8re Maroc \u2013 Espagne\u00a0"},"content":{"rendered":"\n<p><em><mark style=\"background-color:rgba(0, 0, 0, 0)\" class=\"has-inline-color has-medium-gray-color\">Article r\u00e9dig\u00e9 suite \u00e0 mon interview avec Hind en Belgique.<\/mark><\/em><\/p>\n\n\n\n<p class=\"has-text-align-left\"><em>Hind <\/em>s\u2019est vu retirer son voile contre son gr\u00e9 par des passeurs clandestins. Sa m\u00e8re, elle, a \u00e9t\u00e9 violemment frapp\u00e9e et pouss\u00e9e au sol par les autorit\u00e9s marocaines \u00e0 la fronti\u00e8re de Melilla, s\u00e9parant le Maroc et l\u2019Espagne. Ces \u00e9v\u00e9nements brutaux et traumatisants qu\u2019ont connus <em>Hind<\/em> et sa m\u00e8re sont malheureusement une r\u00e9alit\u00e9. Chaque ann\u00e9e, des milliers de migrants traversent les fronti\u00e8res hispano-marocaines dans le but de rejoindre l\u2019Europe. <\/p>\n\n\n\n<h2 class=\"wp-block-heading\"><strong>Travers\u00e9e difficile et sc\u00e8ne d\u2019horreur \u00e0 la fronti\u00e8re<\/strong><\/h2>\n\n\n\n<p><em>Hind<\/em> est une jeune femme \u00e2g\u00e9e de 22 ans (au moment du t\u00e9moignage) n\u00e9e en 2001 aux \u00c9mirats arabes unis. Elle y a grandi avec ses parents d\u2019origine palestinienne, ses deux petites s\u0153urs et son petit fr\u00e8re qui ont aujourd\u2019hui 19, 14 et 18 ans.<\/p>\n\n\n\n<p>Le 10 septembre 2018, alors \u00e2g\u00e9e de 16 ans, <em>Hind<\/em> et sa famille (m\u00e8re, fratrie, tante, cousins et grand-p\u00e8re) quittent les \u00c9mirats arabes unis. Ils esp\u00e8rent connaitre une meilleure vie en Europe, \u00e9tant donn\u00e9 qu\u2019ils ont toujours \u00e9t\u00e9 discrimin\u00e9s \u00e0 cause de leur origine \u00e9trang\u00e8re. \u00ab Le gouvernement a refus\u00e9 de nous donner la nationalit\u00e9 \u00bb, me dit-elle. En effet, d\u2019apr\u00e8s les dires de la jeune adulte, la plupart des \u00c9miriens excluent socialement les immigr\u00e9s dans leur territoire.<\/p>\n\n\n\n<p>Ce m\u00eame jour, la famille prend l\u2019avion et atterrit dans un pays qui n\u2019allait pas leur demander de grandes d\u00e9penses, au vu de leur manque d\u2019argent pour rejoindre directement l\u2019Europe.<\/p>\n\n\n\n<p>Le pays en question est le Maroc. Situ\u00e9 en Afrique du Nord, il est connu pour \u00eatre l\u2019un des points de passage les plus emprunt\u00e9s par les migrants subsahariens tentant de rejoindre l\u2019Union europ\u00e9enne. <strong><a href=\"https:\/\/www.infomigrants.net\/fr\/post\/54292\/maroc--environ-87-000-migrants-interceptes-par-les-autorites-marocaines-en-2023\" data-type=\"link\" data-id=\"https:\/\/www.infomigrants.net\/fr\/post\/54292\/maroc--environ-87-000-migrants-interceptes-par-les-autorites-marocaines-en-2023\" target=\"_blank\" rel=\"noreferrer noopener\">En 2023, ce sont 87&nbsp;000 migrants en transit qui ont \u00e9t\u00e9 intercept\u00e9s par les autorit\u00e9s marocaines<\/a><\/strong>, selon le site d\u2019information <em>InfoMigrants<\/em>.<\/p>\n\n\n\n<p>\u00c0 peine arriv\u00e9e sur le sol marocain, la famille obtient un visa qui lui permet d\u2019y rester pr\u00e8s d\u2019un mois. Pendant ces longues semaines, elle loge dans un petit h\u00f4tel pour migrants. \u00ab Il y avait des migrants partout, j\u2019\u00e9tais dans une petite chambre avec ma m\u00e8re, mes s\u0153urs, mon fr\u00e8re et mon grand-p\u00e8re. De m\u00eame qu\u2019il y avait ma tante et ses enfants. Ils nous ont rejoints, car eux aussi voulaient changer de vie. Nous \u00e9tions tout le temps serr\u00e9s, c\u2019\u00e9tait difficile et invivable \u00bb, me confie <em>Hind<\/em>.<\/p>\n\n\n\n<p>Le Maroc partage des fronti\u00e8res distinctes avec les enclaves Ceuta et Melilla, consid\u00e9r\u00e9es \u00e9galement comme des villes autonomes espagnoles. Elles sont localis\u00e9es au nord-ouest du continent africain. En parall\u00e8le, Melilla sert d\u2019avant-poste pour l\u2019Espagne, et celui-ci est entour\u00e9 de quatre cl\u00f4tures avec des barbel\u00e9s et d\u2019une profonde tranch\u00e9e. Une des barri\u00e8res faisant office de fronti\u00e8re terrestre avec la zone espagnole mesure 9,6 kilom\u00e8tres de long et 6 m\u00e8tres de hauteur, ce qui peut rendre son franchissement laborieux. <\/p>\n\n\n\n<p>Ce sont les autorit\u00e9s marocaines qui sont charg\u00e9es de la surveiller. Plusieurs fois dans la journ\u00e9e, un grand nombre de migrants tentent de la traverser pour avoir une chance de demander l\u2019asile sur le territoire europ\u00e9en. Pourtant, c\u2019est l\u2019une des plus dangereuses et meurtri\u00e8res d\u2019Afrique. <a href=\"https:\/\/www.hrw.org\/fr\/news\/2023\/06\/21\/espagne\/maroc-absence-de-justice-pour-les-morts-la-frontiere-de-melilla\" data-type=\"link\" data-id=\"https:\/\/www.hrw.org\/fr\/news\/2023\/06\/21\/espagne\/maroc-absence-de-justice-pour-les-morts-la-frontiere-de-melilla\" target=\"_blank\" rel=\"noreferrer noopener\">En 2022, des experts de l\u2019ONU estiment qu\u2019au moins 37 personnes sont mortes en essayant d\u2019escalader les cl\u00f4tures grillag\u00e9es<\/a>, comme le mentionne l\u2019article du m\u00e9dia <em>Human Rights Watch<\/em>.<\/p>\n\n\n\n<figure class=\"wp-block-image size-full\"><img loading=\"lazy\" decoding=\"async\" width=\"512\" height=\"475\" src=\"http:\/\/curios.iut-tlse3.fr\/wp-content\/uploads\/2025\/03\/Article-Vanessa-1.jpg\" alt=\"\" class=\"wp-image-4074\" srcset=\"http:\/\/curios.iut-tlse3.fr\/wp-content\/uploads\/2025\/03\/Article-Vanessa-1.jpg 512w, http:\/\/curios.iut-tlse3.fr\/wp-content\/uploads\/2025\/03\/Article-Vanessa-1-300x278.jpg 300w, http:\/\/curios.iut-tlse3.fr\/wp-content\/uploads\/2025\/03\/Article-Vanessa-1-97x90.jpg 97w\" sizes=\"(max-width: 512px) 100vw, 512px\" \/><figcaption class=\"wp-element-caption\"><em>Illustration d\u00e9taill\u00e9e des enclaves espagnoles et de la fronti\u00e8re de Melilla. \u00a9&nbsp;TV5 Monde \/ AFP (2014).<\/em><\/figcaption><\/figure>\n\n\n\n<p><em>Hind <\/em>faisait partie de ces migrants clandestins qui ont tent\u00e9 de multiples fois de passer la fronti\u00e8re de Melilla\u00a0: \u00ab\u00a0La police marocaine \u00e9tait de tous les c\u00f4t\u00e9s, il y avait de grands grillages et \u00e9norm\u00e9ment de migrants agit\u00e9s qui se bousculaient.\u00a0Ils \u00e9taient comme entass\u00e9s parfois.\u00a0\u00bb<\/p>\n\n\n\n<p>Elle a \u00e9t\u00e9 t\u00e9moin d\u2019horribles sc\u00e8nes&nbsp;: \u00ab&nbsp;Les migrants se font pousser et frapper avec des matraques et des b\u00e2tons, il y avait du sang partout sur le sol.&nbsp;\u00bb Sa m\u00e8re a aussi \u00e9t\u00e9 victime du terrible traitement des membres de cette police&nbsp;: \u00ab&nbsp;Ils ont pouss\u00e9 ma m\u00e8re tellement fort qu\u2019elle est tomb\u00e9e parterre avec ses affaires, elles se sont toutes retrouv\u00e9es \u00e9parpill\u00e9es.&nbsp;\u00bb<\/p>\n\n\n\n<p>Lors de leur derni\u00e8re tentative de passage le 9 octobre 2018, son grand-p\u00e8re a rencontr\u00e9 des passeurs clandestins et les a pay\u00e9s pour qu\u2019ils les aident \u00e0 passer. \u00ab Ils nous prenaient par 3 dans la famille \u00e0 chaque fois dans une voiture, puis ils nous d\u00e9posaient au poste-fronti\u00e8re de Beni Ansar \u00e0 l\u2019abri des autorit\u00e9s.&nbsp;Il manquait juste quelques m\u00e8tres \u00e0 franchir pour rentrer \u00e0 Melilla \u00bb, raconte la jeune femme.<\/p>\n\n\n\n<figure class=\"wp-block-image size-full is-resized\"><img loading=\"lazy\" decoding=\"async\" width=\"688\" height=\"568\" src=\"http:\/\/curios.iut-tlse3.fr\/wp-content\/uploads\/2025\/03\/Capture-decran-2025-03-04-125841-2.png\" alt=\"\" class=\"wp-image-4129\" style=\"width:671px;height:auto\" srcset=\"http:\/\/curios.iut-tlse3.fr\/wp-content\/uploads\/2025\/03\/Capture-decran-2025-03-04-125841-2.png 688w, http:\/\/curios.iut-tlse3.fr\/wp-content\/uploads\/2025\/03\/Capture-decran-2025-03-04-125841-2-300x248.png 300w, http:\/\/curios.iut-tlse3.fr\/wp-content\/uploads\/2025\/03\/Capture-decran-2025-03-04-125841-2-109x90.png 109w\" sizes=\"(max-width: 688px) 100vw, 688px\" \/><figcaption class=\"wp-element-caption\"><em>Illustration d\u00e9taill\u00e9e des postes-fronti\u00e8res dont Beni Ansar entourant Melilla. \u00a9 OpenStreetMap \/ Elsa Tyszler et Thomas Honor\u00e9 \/ Guardia Civil de Melilla (2015).<\/em><\/figcaption><\/figure>\n\n\n\n<p><em>Hind<\/em> n\u2019a pas \u00e9t\u00e9 violent\u00e9e physiquement par la police marocaine, mais elle a d\u00fb retirer son voile de force pour passer&nbsp;: \u00ab&nbsp;Les passeurs m\u2019ont donn\u00e9 la carte d\u2019identit\u00e9 vol\u00e9e d\u2019une femme espagnole inconnue et elle ne portait pas de voile sur la photo. Alors, ils m\u2019ont oblig\u00e9 \u00e0 enlever le mien pour lui ressembler au maximum, sinon ils n\u2019allaient pas me laisser passer.&nbsp;\u00bb<\/p>\n\n\n\n<p>Beaucoup de migrants clandestins payent ill\u00e9galement des passeurs pour se retrouver du c\u00f4t\u00e9 espagnol. Pour eux, c\u2019est leur unique chance de quitter le territoire marocain en \u00e9chappant \u00e0 la police. <em>Hind<\/em> affirme que&nbsp;: \u00ab&nbsp;La police t\u2019interdisait l\u2019entr\u00e9e si tu n\u2019avais pas de papiers, ils ne te laissaient pas d\u2019occasion. Et si tu ne passais pas, ils te renvoyaient d\u2019o\u00f9 tu venais.&nbsp;\u00bb Il est tr\u00e8s fr\u00e9quent pour les autorit\u00e9s concern\u00e9es de renvoyer directement les migrants vers leur point et\/ou pays d\u2019origine. Ces <em>push-backs<\/em> (action de renvoyer un migrant sans lui donner l\u2019opportunit\u00e9 de demander l\u2019asile de l\u2019autre c\u00f4t\u00e9 de la fronti\u00e8re) sont ill\u00e9gaux, la situation du migrant n\u2019est d\u2019ailleurs pas prise en compte malgr\u00e9 une possible mise en danger de sa vie.<\/p>\n\n\n\n<p>Apr\u00e8s avoir r\u00e9ussi \u00e0 atteindre Melilla, <em>Hind<\/em> et sa famille obtiennent l\u2019asile et peuvent alors rester l\u00e9galement dans la ville espagnole. Ils vivent pendant un mois dans un centre insalubre pour migrants. \u00ab&nbsp;L\u2019endroit \u00e9tait sale, il n\u2019y avait pas d\u2019hygi\u00e8ne. Je devais partager les toilettes avec des hommes, car elles \u00e9taient mixtes. La nourriture de la cantine \u00e9tait d\u00e9goutante, et on n\u2019avait plus d\u2019argent pour acheter autre chose \u00bb, dit-elle avec d\u00e9go\u00fbt.<\/p>\n\n\n\n<p>Ne supportant pas cette vie, la famille quitte Melilla en embarquant sur un bateau pour M\u00e1laga. Elle a ensuite \u00e9t\u00e9 accueillie trois jours \u00e0 Madrid et a h\u00e9sit\u00e9 \u00e0 s\u2019y installer d\u00e9finitivement. Mais cela ne s\u2019est pas r\u00e9alis\u00e9, parce que le gouvernement espagnol leur a donn\u00e9 que six mois pour s\u2019adapter et s\u2019int\u00e9grer en trouvant un logement, en apprenant la langue et en ayant un emploi. Une dur\u00e9e beaucoup trop courte. Par cons\u00e9quent, les membres de la famille abandonnent l\u2019Espagne pour la Belgique en voyageant en <em>FlixBus<\/em> (compagnie d\u2019autocars \u00e0 bas prix), car ils ont de la famille \u00e9loign\u00e9e \u00e0 Anvers, pr\u00eate \u00e0 les recevoir.<\/p>\n\n\n\n<p>Aujourd\u2019hui, malgr\u00e9 les traumatismes du pass\u00e9, <em>Hind<\/em> est une jeune \u00e9tudiante en Belgique o\u00f9 elle habite avec sa famille. Ils seront loin d\u2019oublier ce qu\u2019ils ont travers\u00e9 et seront marqu\u00e9s \u00e0 vie. \u00ab&nbsp;Certains migrants ont r\u00e9ussi \u00e0 entrer en Europe avec des bras et des jambes cass\u00e9s par la police aux fronti\u00e8res du Maroc \u00bb, conclut-elle.<\/p>\n\n\n\n<h2 class=\"wp-block-heading\"><strong>Regard sur les conditions des migrants en France et en Europe<\/strong><\/h2>\n\n\n\n<p>Les probl\u00e9matiques li\u00e9es aux migrations irr\u00e9guli\u00e8res touchent autant les pays occidentaux que les pays en d\u00e9veloppement, en particulier ceux d\u2019Afrique. Ainsi, de nombreuses d\u00e9cisions politiques, comme les accords entre \u00c9tats et les lois, tentent de r\u00e9guler ces situations causant des pol\u00e9miques et, malheureusement des drames.<\/p>\n\n\n\n<p>Vincent Latour est enseignant-chercheur \u00e0 l\u2019Universit\u00e9 Jean-Jaur\u00e8s de Toulouse. Il a travaill\u00e9 sur les politiques de migration et d\u2019immigration en France, au Royaume-Uni, et en Europe plus largement. Son expertise et ses diff\u00e9rents travaux permettent de mieux comprendre le regard de certains pays europ\u00e9ens sur le contexte migratoire.<\/p>\n\n\n\n<p>Selon lui, l\u2019Union europ\u00e9enne tient une approche beaucoup plus restrictive concernant les migrants qu\u2019il y a quelques d\u00e9cennies. Par exemple, \u00e0 partir de 1980, la France a commenc\u00e9 \u00e0 fortement l\u00e9gif\u00e9rer sur ce domaine. \u00ab&nbsp;Le sujet est devenu hautement politique \u00bb, d\u00e9clare-il. La <strong><a href=\"https:\/\/www.vie-publique.fr\/loi\/287993-loi-immigration-integration-asile-du-26-janvier-2024\" data-type=\"link\" data-id=\"https:\/\/www.vie-publique.fr\/loi\/287993-loi-immigration-integration-asile-du-26-janvier-2024\" target=\"_blank\" rel=\"noreferrer noopener\">loi immigration<\/a> <\/strong>en France en est une illustration. Elle a pour objectif de renforcer les contr\u00f4les des travailleurs sans papiers occupant les<strong> <a href=\"https:\/\/dares.travail-emploi.gouv.fr\/actualite\/quest-ce-quun-metier-en-tension\" data-type=\"link\" data-id=\"https:\/\/dares.travail-emploi.gouv.fr\/actualite\/quest-ce-quun-metier-en-tension\" target=\"_blank\" rel=\"noreferrer noopener\">m\u00e9tiers en tension<\/a><\/strong>, d\u2019expulser les \u00e9trangers r\u00e9guliers du territoire en cas de suspicion d\u2019atteinte \u00e0 l\u2019ordre public, de les faire signer un contrat de respect des principes r\u00e9publicains et plus encore. Toutes ces mesures refl\u00e8tent \u00e9minemment le durcissement des lois sur la mati\u00e8re.<\/p>\n\n\n\n<p>N\u00e9anmoins, cela n\u2019a pas toujours \u00e9t\u00e9 le cas. Entre 1945 et 1970 (pendant \u00ab&nbsp;<em>Les Trente Glorieuses<\/em>&nbsp;\u00bb), les pays europ\u00e9ens dont la France connaissaient une immigration massive pour servir leurs int\u00e9r\u00eats \u00e9conomiques. \u00ab&nbsp;On employait le terme de \u00ab&nbsp;travailleurs migrants \u00bb et on les laissait venir, sans anticiper qu\u2019ils s\u2019installeraient sur le long terme et les regroupements familiaux. Maintenant, les gouvernements voient cela comme un probl\u00e8me \u00bb, explique l\u2019enseignant-chercheur.<\/p>\n\n\n\n<p>C\u2019est pourquoi, de nombreux pays comme l\u2019Espagne et le Maroc \u00e9tablissent des accords communs pour contr\u00f4ler les fronti\u00e8res, notamment avec l&rsquo;aide de l&rsquo;Union europ\u00e9enne. Les autorit\u00e9s espagnoles font alors appel aux forces de s\u00e9curit\u00e9 marocaines afin qu\u2019elles \u00e9vacuent les personnes vers leur territoire. Celles-ci sont parfois violent\u00e9es comme le montre le t\u00e9moignage de <em>Hind<\/em>. \u00c0 la fin, les autorit\u00e9s espagnoles se d\u00e9douanent de toute responsabilit\u00e9, et c\u2019est \u00e0 ce moment-l\u00e0 qu\u2019il y a une v\u00e9ritable probl\u00e9matique.<\/p>\n\n\n\n<p>Dans son article \u00ab&nbsp;Grande-Bretagne : une attractivit\u00e9 paradoxale&nbsp;\u00bb co\u00e9crit avec Catherine Puzzo et publi\u00e9 en 2016, Vincent Latour examine les raisons pour lesquelles la Grande-Bretagne continue d\u2019attirer un grand nombre de migrants malgr\u00e9 son insularit\u00e9. Parmi elles, l\u2019offre d\u2019emplois consid\u00e9rable et l\u2019accompagnement de certaines organisations comme les associations, qui se veut primordial.<\/p>\n\n\n\n<p>C\u2019est ce qu\u2019illustre le r\u00f4le de Simon. Il est \u00e9tudiant en derni\u00e8re ann\u00e9e de Master Histoire &amp; Civilisations \u00e0 Toulouse (au moment du t\u00e9moignage) et (ancien) b\u00e9n\u00e9vole dans l\u2019association <strong><a href=\"https:\/\/utopia56.org\/\" data-type=\"link\" data-id=\"https:\/\/utopia56.org\/\" target=\"_blank\" rel=\"noreferrer noopener\">Utopia 56<\/a><\/strong>, qui aide les \u00e9trangers en situation irr\u00e9guli\u00e8re et les r\u00e9fugi\u00e9s. Tous les mardis, il prend part aux missions en distribuant des aliments et des produits hygi\u00e9niques. Il les assiste \u00e9galement sur le plan administratif avec l\u2019Aide M\u00e9dicale d\u2019\u00c9tat (AME) et la domiciliation.<\/p>\n\n\n\n<p>Gr\u00e2ce aux interventions et aux journ\u00e9es d\u2019informations, Simon tisse des liens avec les migrants, mais il est souvent compliqu\u00e9 d\u2019avoir une vraie relation \u00e0 cause de la barri\u00e8re de la langue. \u00ab&nbsp;Par exemple, l\u2019association paie 20 000 \u20ac par an pour avoir un traducteur via une application&nbsp;\u00bb, me dit-il.<\/p>\n\n\n\n<p>Les migrants survivent. Ils ont du mal \u00e0 s\u2019int\u00e9grer \u00e0 cause de la langue et de la m\u00e9fiance qu\u2019ils ont \u00e0 l\u2019\u00e9gard des personnes dans leur pays d\u2019accueil. La majorit\u00e9 d\u2019entre eux ont tout laiss\u00e9 derri\u00e8re eux pour venir en Europe, et ont v\u00e9cu des exp\u00e9riences traumatisantes pendant leur travers\u00e9e. En cons\u00e9quence, les associations doublent d\u2019efforts pour les int\u00e9grer, parce qu\u2019elles repr\u00e9sentent leurs int\u00e9r\u00eats. \u00ab&nbsp;L\u2019\u00c9tat leur donne tr\u00e8s peu de droits et de devoirs&nbsp;\u00bb, exprime-t-il avec peine.<\/p>\n\n\n\n<hr class=\"wp-block-separator has-alpha-channel-opacity\"\/>\n\n\n\n<h3 class=\"wp-block-heading\"><strong><u>Point essentiel<\/u><\/strong><\/h3>\n\n\n\n<div class=\"wp-block-group is-layout-constrained wp-block-group-is-layout-constrained\"><div class=\"wp-block-group__inner-container\">\n<p>\u00c0 noter qu\u2019il existe plusieurs types de migrants quittant leur ville et\/ou pays d\u2019origine pour diverses raisons. Dans le cas de<em> Hind<\/em>, c\u2019\u00e9tait pour une vie plus d\u00e9cente. De surcro\u00eet, j\u2019ai employ\u00e9 les termes de \u00ab&nbsp;migrants clandestins&nbsp;\u00bb, car elle et sa famille ont \u00e9t\u00e9 contraintes d\u2019\u00eatre dans l\u2019ill\u00e9galit\u00e9 pour avoir une chance d\u2019int\u00e9grer le sol europ\u00e9en. Cette irr\u00e9gularit\u00e9 n\u2019a \u00e9t\u00e9 que de courte dur\u00e9e, \u00e9tant donn\u00e9 que les protagonistes obtiennent l\u2019asile et autres droits leur permettant de rester l\u00e9galement en Europe. <\/p>\n\n\n\n<p>Je vous laisse consulter les sites ci-dessous pour comprendre les diff\u00e9rents profils de migrants et d\u2019immigr\u00e9s&nbsp;:<\/p>\n\n\n\n<ul>\n<li><a href=\"https:\/\/www.iom.int\/fr\/termes-cles-de-la-migration\" target=\"_blank\" rel=\"noreferrer noopener\">OIM ONU MIGRATION<\/a><\/li>\n\n\n\n<li><a href=\"https:\/\/www.lacimade.org\/faq\/qu-est-ce-qu-un-migrant\/\" data-type=\"link\" data-id=\"https:\/\/www.lacimade.org\/faq\/qu-est-ce-qu-un-migrant\/\" target=\"_blank\" rel=\"noreferrer noopener\">La Cimade<\/a><\/li>\n<\/ul>\n<\/div><\/div>\n\n\n\n<div class=\"wp-block-columns is-layout-flex wp-container-core-columns-layout-1 wp-block-columns-is-layout-flex\">\n<div class=\"wp-block-column is-layout-flow wp-block-column-is-layout-flow\" style=\"flex-basis:100%\">\n<hr class=\"wp-block-separator has-alpha-channel-opacity\"\/>\n<\/div>\n<\/div>\n\n\n\n<p>Je vous invite \u00e9galement \u00e0 regarder la vid\u00e9o de la cha\u00eene <strong><a href=\"https:\/\/www.youtube.com\/@lemondefr\" data-type=\"link\" data-id=\"https:\/\/www.youtube.com\/@lemondefr\" target=\"_blank\" rel=\"noreferrer noopener\"><em>Le Monde<\/em><\/a><\/strong> sur le sujet, c\u2019est gr\u00e2ce \u00e0 celle-ci que j\u2019ai d\u00e9couvert ce qu\u2019il se passait \u00e0 des milliers de kilom\u00e8tres de chez moi&nbsp;:<\/p>\n\n\n\n<figure class=\"wp-block-embed is-type-video is-provider-youtube wp-block-embed-youtube wp-embed-aspect-16-9 wp-has-aspect-ratio\"><div class=\"wp-block-embed__wrapper\">\n<iframe loading=\"lazy\" title=\"Morts de dizaines de migrants \u00e0 la fronti\u00e8re Maroc - Espagne : ce qu&#039;il s&#039;est vraiment pass\u00e9\" width=\"720\" height=\"405\" src=\"https:\/\/www.youtube.com\/embed\/6nXk3846EX8?feature=oembed\" frameborder=\"0\" allow=\"accelerometer; autoplay; clipboard-write; encrypted-media; gyroscope; picture-in-picture; web-share\" referrerpolicy=\"strict-origin-when-cross-origin\" allowfullscreen><\/iframe> \n<\/div><figcaption class=\"wp-element-caption\"><em>Vid\u00e9o disponible sur YouTube, ne vous souciez pas du message ci-dessus si vous \u00eates majeurs, il suffit de cliquer sur \u00ab<\/em> <em>Regarder sur YouTube \u00bb<\/em>.<\/figcaption><\/figure>\n\n\n\n<div style=\"height:100px\" aria-hidden=\"true\" class=\"wp-block-spacer\"><\/div>\n\n\n\n<p><strong><em>Je tiens \u00e0 remercier Vincent Latour et Simon pour leurs t\u00e9moignages, et en particulier Hind pour son histoire. Cette jeune femme brillante et courageuse m\u2019a (profond\u00e9ment) touch\u00e9, et je ne manquerai pas de lui rendre visite en Belgique.<\/em><\/strong><\/p>\n","protected":false},"excerpt":{"rendered":"<p>Article r\u00e9dig\u00e9 suite \u00e0 mon interview avec Hind en Belgique. Hind s\u2019est vu retirer son voile contre son gr\u00e9 par des passeurs clandestins. Sa m\u00e8re, elle, a \u00e9t\u00e9 violemment frapp\u00e9e et pouss\u00e9e au sol par les autorit\u00e9s marocaines \u00e0 la fronti\u00e8re de Melilla, s\u00e9parant le Maroc et l\u2019Espagne. Ces \u00e9v\u00e9nements brutaux et traumatisants qu\u2019ont connus Hind et sa m\u00e8re sont malheureusement une r\u00e9alit\u00e9. Chaque ann\u00e9e, &hellip; <a href=\"http:\/\/curios.iut-tlse3.fr\/?p=4064\" class=\"more-link\">Continuer de lire <span class=\"screen-reader-text\">Les migrants victimes de violences \u00e0 la fronti\u00e8re Maroc \u2013 Espagne\u00a0<\/span><\/a><\/p>\n","protected":false},"author":63,"featured_media":4122,"comment_status":"closed","ping_status":"open","sticky":false,"template":"","format":"standard","meta":{"footnotes":""},"categories":[64,152,153],"tags":[181],"_links":{"self":[{"href":"http:\/\/curios.iut-tlse3.fr\/index.php?rest_route=\/wp\/v2\/posts\/4064"}],"collection":[{"href":"http:\/\/curios.iut-tlse3.fr\/index.php?rest_route=\/wp\/v2\/posts"}],"about":[{"href":"http:\/\/curios.iut-tlse3.fr\/index.php?rest_route=\/wp\/v2\/types\/post"}],"author":[{"embeddable":true,"href":"http:\/\/curios.iut-tlse3.fr\/index.php?rest_route=\/wp\/v2\/users\/63"}],"replies":[{"embeddable":true,"href":"http:\/\/curios.iut-tlse3.fr\/index.php?rest_route=%2Fwp%2Fv2%2Fcomments&post=4064"}],"version-history":[{"count":45,"href":"http:\/\/curios.iut-tlse3.fr\/index.php?rest_route=\/wp\/v2\/posts\/4064\/revisions"}],"predecessor-version":[{"id":4157,"href":"http:\/\/curios.iut-tlse3.fr\/index.php?rest_route=\/wp\/v2\/posts\/4064\/revisions\/4157"}],"wp:featuredmedia":[{"embeddable":true,"href":"http:\/\/curios.iut-tlse3.fr\/index.php?rest_route=\/wp\/v2\/media\/4122"}],"wp:attachment":[{"href":"http:\/\/curios.iut-tlse3.fr\/index.php?rest_route=%2Fwp%2Fv2%2Fmedia&parent=4064"}],"wp:term":[{"taxonomy":"category","embeddable":true,"href":"http:\/\/curios.iut-tlse3.fr\/index.php?rest_route=%2Fwp%2Fv2%2Fcategories&post=4064"},{"taxonomy":"post_tag","embeddable":true,"href":"http:\/\/curios.iut-tlse3.fr\/index.php?rest_route=%2Fwp%2Fv2%2Ftags&post=4064"}],"curies":[{"name":"wp","href":"https:\/\/api.w.org\/{rel}","templated":true}]}}